{"id":89,"date":"2019-03-18T17:09:10","date_gmt":"2019-03-18T17:09:10","guid":{"rendered":"https:\/\/degames.uniri.hr\/?p=89"},"modified":"2019-07-26T08:59:36","modified_gmt":"2019-07-26T08:59:36","slug":"inkluzivno-obrazovanje","status":"publish","type":"post","link":"https:\/\/degames.uniri.hr\/?p=89","title":{"rendered":"Sudjelovanje na konferenciji INTED2019"},"content":{"rendered":"\n<p style=\"font-size:17px\">Doktorand Kristian Stan\u010din sudjelovao je na konferenciji  <strong>13th annual International Technology, Education and Development Conference<\/strong>    (INTED) koja je odr\u017eana u Valenciji, \u0160panjolska od 11. do 13. o\u017eujka  2019. godine. Prezentirao je znanstveni rad pod nazivom \u201cThe use of  information and communication technology in upbringing and education of  students with intellectual disabilities\u201d napisan u  koautorstvu s prof.  dr. sc. Nata\u0161om Hoi\u0107-Bo\u017ei\u0107, voditeljicom projekta.  <\/p>\n\n\n\n<figure class=\"wp-block-image\"><img decoding=\"async\" width=\"400\" height=\"78\" src=\"https:\/\/degames.uniri.hr\/wp-content\/uploads\/2019\/03\/logo_inted2019.png\" alt=\"\" class=\"wp-image-224\" srcset=\"https:\/\/degames.uniri.hr\/wp-content\/uploads\/2019\/03\/logo_inted2019.png 400w, https:\/\/degames.uniri.hr\/wp-content\/uploads\/2019\/03\/logo_inted2019-300x59.png 300w\" sizes=\"(max-width: 400px) 100vw, 400px\" \/><\/figure>\n","protected":false},"excerpt":{"rendered":"<p>Doktorand Kristian Stan\u010din sudjelovao je na konferenciji 13th annual International Technology, Education and Development Conference (INTED) koja je odr\u017eana u Valenciji, \u0160panjolska od 11. do 13. o\u017eujka 2019. godine. Prezentirao je znanstveni rad pod nazivom \u201cThe use of information and communication technology in upbringing and education of students with intellectual disabilities\u201d napisan u koautorstvu s [&hellip;]<\/p>\n","protected":false},"author":3,"featured_media":233,"comment_status":"closed","ping_status":"closed","sticky":false,"template":"","format":"standard","meta":{"footnotes":""},"categories":[5],"tags":[],"class_list":["post-89","post","type-post","status-publish","format-standard","has-post-thumbnail","hentry","category-inkluzivno-obrazovanje"],"_links":{"self":[{"href":"https:\/\/degames.uniri.hr\/index.php?rest_route=\/wp\/v2\/posts\/89","targetHints":{"allow":["GET"]}}],"collection":[{"href":"https:\/\/degames.uniri.hr\/index.php?rest_route=\/wp\/v2\/posts"}],"about":[{"href":"https:\/\/degames.uniri.hr\/index.php?rest_route=\/wp\/v2\/types\/post"}],"author":[{"embeddable":true,"href":"https:\/\/degames.uniri.hr\/index.php?rest_route=\/wp\/v2\/users\/3"}],"replies":[{"embeddable":true,"href":"https:\/\/degames.uniri.hr\/index.php?rest_route=%2Fwp%2Fv2%2Fcomments&post=89"}],"version-history":[{"count":10,"href":"https:\/\/degames.uniri.hr\/index.php?rest_route=\/wp\/v2\/posts\/89\/revisions"}],"predecessor-version":[{"id":341,"href":"https:\/\/degames.uniri.hr\/index.php?rest_route=\/wp\/v2\/posts\/89\/revisions\/341"}],"wp:featuredmedia":[{"embeddable":true,"href":"https:\/\/degames.uniri.hr\/index.php?rest_route=\/wp\/v2\/media\/233"}],"wp:attachment":[{"href":"https:\/\/degames.uniri.hr\/index.php?rest_route=%2Fwp%2Fv2%2Fmedia&parent=89"}],"wp:term":[{"taxonomy":"category","embeddable":true,"href":"https:\/\/degames.uniri.hr\/index.php?rest_route=%2Fwp%2Fv2%2Fcategories&post=89"},{"taxonomy":"post_tag","embeddable":true,"href":"https:\/\/degames.uniri.hr\/index.php?rest_route=%2Fwp%2Fv2%2Ftags&post=89"}],"curies":[{"name":"wp","href":"https:\/\/api.w.org\/{rel}","templated":true}]}}